{"id":17385,"date":"2019-10-21T23:42:15","date_gmt":"2019-10-21T21:42:15","guid":{"rendered":"https:\/\/clarisas.cat\/?p=17385"},"modified":"2019-10-21T23:55:22","modified_gmt":"2019-10-21T21:55:22","slug":"trobada-de-joves-de-confirmacio","status":"publish","type":"post","link":"https:\/\/clarisas.cat\/ca\/noticies\/trobada-de-joves-de-confirmacio\/","title":{"rendered":"Trobada de Joves de Confirmaci\u00f3"},"content":{"rendered":"<p>Un grup de 10 nois i noies de la parr\u00f2quia de santa Coloma de Farners,\u00a0varen rebre el sagrament de la Confirmaci\u00f3 el dia 19 Octubre, al vespre.<\/p>\n<p>Al mati arribaren a casa nostra per preparar la celebraci\u00f3 de la tarda.<\/p>\n<p>La primera part del mati fou una preg\u00e0ria a la nostra capella, per agrair la seva fe. Mitjan\u00e7ant una din\u00e0mica van parlar de la for\u00e7a de la preg\u00e0ria, de la \u201cllum\u201d que d\u00f3na a la vida fins i tot en el moments de crisis, de \u201cfoscor\u201d. En acabar la preg\u00e0ria els lliuraren una TAU a cadasc\u00fa com a signe de comuni\u00f3. La resta del mati el dedicaren a la preparaci\u00f3 de la lit\u00fargia de la Confirmaci\u00f3.<\/p>\n<p>Gr\u00e0cies noies i nois pel vostre testimoni i comprom\u00eds de voler ser cristianes i cristians compromesos amb la vostra fe.<\/p>\n","protected":false},"excerpt":{"rendered":"<p>Gr\u00e0cies noies i nois pel vostre testimoni i comprom\u00eds<\/p>\n","protected":false},"author":3,"featured_media":17386,"comment_status":"closed","ping_status":"open","sticky":false,"template":"","format":"standard","meta":[],"categories":[2],"tags":[],"yoast_head":"<!-- This site is optimized with the Yoast SEO plugin v17.6 - https:\/\/yoast.com\/wordpress\/plugins\/seo\/ -->\n<title>Trobada de Joves de Confirmaci\u00f3 | Clarisses de Girona<\/title>\n<meta name=\"robots\" content=\"index, follow, max-snippet:-1, max-image-preview:large, max-video-preview:-1\" \/>\n<link rel=\"canonical\" href=\"https:\/\/clarisas.cat\/ca\/noticies\/trobada-de-joves-de-confirmacio\/\" \/>\n<meta property=\"og:locale\" content=\"ca_ES\" \/>\n<meta property=\"og:type\" content=\"article\" \/>\n<meta property=\"og:title\" content=\"Trobada de Joves de Confirmaci\u00f3 | Clarisses de Girona\" \/>\n<meta property=\"og:description\" content=\"Gr\u00e0cies noies i nois pel vostre testimoni i comprom\u00eds\" \/>\n<meta property=\"og:url\" content=\"https:\/\/clarisas.cat\/ca\/noticies\/trobada-de-joves-de-confirmacio\/\" \/>\n<meta property=\"og:site_name\" content=\"Fraternitat de Clarisses de Vilob\u00ed d\u2019Onyar - Girona | Hostatgeria\" \/>\n<meta property=\"article:publisher\" content=\"https:\/\/www.facebook.com\/claradassis.fraternitatgirona\" \/>\n<meta property=\"article:published_time\" content=\"2019-10-21T21:42:15+00:00\" \/>\n<meta property=\"article:modified_time\" content=\"2019-10-21T21:55:22+00:00\" \/>\n<meta property=\"og:image\" content=\"https:\/\/clarisas.cat\/wp-content\/uploads\/2019\/10\/confirmaci\u00f3-1.jpg\" \/>\n\t<meta property=\"og:image:width\" content=\"1600\" \/>\n\t<meta property=\"og:image:height\" content=\"1200\" \/>\n<meta name=\"twitter:card\" content=\"summary_large_image\" \/>\n<meta name=\"twitter:creator\" content=\"@clarisasvilobi\" \/>\n<meta name=\"twitter:site\" content=\"@clarisasvilobi\" \/>\n<meta name=\"twitter:label1\" content=\"Escrit per\" \/>\n\t<meta name=\"twitter:data1\" content=\"Clarisses\" \/>\n\t<meta name=\"twitter:label2\" content=\"Temps estimat de lectura\" \/>\n\t<meta name=\"twitter:data2\" content=\"1 minut\" \/>\n<script type=\"application\/ld+json\" class=\"yoast-schema-graph\">{\"@context\":\"https:\/\/schema.org\",\"@graph\":[{\"@type\":\"WebSite\",\"@id\":\"https:\/\/clarisas.cat\/ca\/#website\",\"url\":\"https:\/\/clarisas.cat\/ca\/\",\"name\":\"Fraternitat de Clarisses de Vilob\\u00ed d\\u2019Onyar - Girona | Hostatgeria\",\"description\":\"Les Clarisses de Girona desitgem compartir la riquesa i joia de viure, des de la fraternitat i la preg\\u00e0ria. Obert a tothom que vulgui compartir la preg\\u00e0ria.\",\"potentialAction\":[{\"@type\":\"SearchAction\",\"target\":{\"@type\":\"EntryPoint\",\"urlTemplate\":\"https:\/\/clarisas.cat\/ca\/?s={search_term_string}\"},\"query-input\":\"required name=search_term_string\"}],\"inLanguage\":\"ca\"},{\"@type\":\"ImageObject\",\"@id\":\"https:\/\/clarisas.cat\/ca\/noticies\/trobada-de-joves-de-confirmacio\/#primaryimage\",\"inLanguage\":\"ca\",\"url\":\"https:\/\/clarisas.cat\/wp-content\/uploads\/2019\/10\/confirmaci\\u00f3-1.jpg\",\"contentUrl\":\"https:\/\/clarisas.cat\/wp-content\/uploads\/2019\/10\/confirmaci\\u00f3-1.jpg\",\"width\":1600,\"height\":1200,\"caption\":\"oraci\\u00f3 amb joves\"},{\"@type\":\"WebPage\",\"@id\":\"https:\/\/clarisas.cat\/ca\/noticies\/trobada-de-joves-de-confirmacio\/#webpage\",\"url\":\"https:\/\/clarisas.cat\/ca\/noticies\/trobada-de-joves-de-confirmacio\/\",\"name\":\"Trobada de Joves de Confirmaci\\u00f3 | Clarisses de Girona\",\"isPartOf\":{\"@id\":\"https:\/\/clarisas.cat\/ca\/#website\"},\"primaryImageOfPage\":{\"@id\":\"https:\/\/clarisas.cat\/ca\/noticies\/trobada-de-joves-de-confirmacio\/#primaryimage\"},\"datePublished\":\"2019-10-21T21:42:15+00:00\",\"dateModified\":\"2019-10-21T21:55:22+00:00\",\"author\":{\"@id\":\"https:\/\/clarisas.cat\/ca\/#\/schema\/person\/ddc561ff15e986eeb535e2c6550f9624\"},\"breadcrumb\":{\"@id\":\"https:\/\/clarisas.cat\/ca\/noticies\/trobada-de-joves-de-confirmacio\/#breadcrumb\"},\"inLanguage\":\"ca\",\"potentialAction\":[{\"@type\":\"ReadAction\",\"target\":[\"https:\/\/clarisas.cat\/ca\/noticies\/trobada-de-joves-de-confirmacio\/\"]}]},{\"@type\":\"BreadcrumbList\",\"@id\":\"https:\/\/clarisas.cat\/ca\/noticies\/trobada-de-joves-de-confirmacio\/#breadcrumb\",\"itemListElement\":[{\"@type\":\"ListItem\",\"position\":1,\"name\":\"Inici\",\"item\":\"https:\/\/clarisas.cat\/ca\/\"},{\"@type\":\"ListItem\",\"position\":2,\"name\":\"Trobada de Joves de Confirmaci\\u00f3\"}]},{\"@type\":\"Person\",\"@id\":\"https:\/\/clarisas.cat\/ca\/#\/schema\/person\/ddc561ff15e986eeb535e2c6550f9624\",\"name\":\"Clarisses\",\"image\":{\"@type\":\"ImageObject\",\"@id\":\"https:\/\/clarisas.cat\/ca\/#personlogo\",\"inLanguage\":\"ca\",\"url\":\"https:\/\/secure.gravatar.com\/avatar\/7b518a490e4b88c7512e7dcc36a3b30b?s=96&d=mm&r=g\",\"contentUrl\":\"https:\/\/secure.gravatar.com\/avatar\/7b518a490e4b88c7512e7dcc36a3b30b?s=96&d=mm&r=g\",\"caption\":\"Clarisses\"},\"sameAs\":[\"https:\/\/clarisas.cat\"],\"url\":\"https:\/\/clarisas.cat\/ca\/author\/clarisses\/\"}]}<\/script>\n<!-- \/ Yoast SEO plugin. -->","yoast_head_json":{"title":"Trobada de Joves de Confirmaci\u00f3 | Clarisses de Girona","robots":{"index":"index","follow":"follow","max-snippet":"max-snippet:-1","max-image-preview":"max-image-preview:large","max-video-preview":"max-video-preview:-1"},"canonical":"https:\/\/clarisas.cat\/ca\/noticies\/trobada-de-joves-de-confirmacio\/","og_locale":"ca_ES","og_type":"article","og_title":"Trobada de Joves de Confirmaci\u00f3 | Clarisses de Girona","og_description":"Gr\u00e0cies noies i nois pel vostre testimoni i comprom\u00eds","og_url":"https:\/\/clarisas.cat\/ca\/noticies\/trobada-de-joves-de-confirmacio\/","og_site_name":"Fraternitat de Clarisses de Vilob\u00ed d\u2019Onyar - Girona | Hostatgeria","article_publisher":"https:\/\/www.facebook.com\/claradassis.fraternitatgirona","article_published_time":"2019-10-21T21:42:15+00:00","article_modified_time":"2019-10-21T21:55:22+00:00","og_image":[{"width":1600,"height":1200,"url":"https:\/\/clarisas.cat\/wp-content\/uploads\/2019\/10\/confirmaci\u00f3-1.jpg","type":"image\/jpeg"}],"twitter_card":"summary_large_image","twitter_creator":"@clarisasvilobi","twitter_site":"@clarisasvilobi","twitter_misc":{"Escrit per":"Clarisses","Temps estimat de lectura":"1 minut"},"schema":{"@context":"https:\/\/schema.org","@graph":[{"@type":"WebSite","@id":"https:\/\/clarisas.cat\/ca\/#website","url":"https:\/\/clarisas.cat\/ca\/","name":"Fraternitat de Clarisses de Vilob\u00ed d\u2019Onyar - Girona | Hostatgeria","description":"Les Clarisses de Girona desitgem compartir la riquesa i joia de viure, des de la fraternitat i la preg\u00e0ria. Obert a tothom que vulgui compartir la preg\u00e0ria.","potentialAction":[{"@type":"SearchAction","target":{"@type":"EntryPoint","urlTemplate":"https:\/\/clarisas.cat\/ca\/?s={search_term_string}"},"query-input":"required name=search_term_string"}],"inLanguage":"ca"},{"@type":"ImageObject","@id":"https:\/\/clarisas.cat\/ca\/noticies\/trobada-de-joves-de-confirmacio\/#primaryimage","inLanguage":"ca","url":"https:\/\/clarisas.cat\/wp-content\/uploads\/2019\/10\/confirmaci\u00f3-1.jpg","contentUrl":"https:\/\/clarisas.cat\/wp-content\/uploads\/2019\/10\/confirmaci\u00f3-1.jpg","width":1600,"height":1200,"caption":"oraci\u00f3 amb joves"},{"@type":"WebPage","@id":"https:\/\/clarisas.cat\/ca\/noticies\/trobada-de-joves-de-confirmacio\/#webpage","url":"https:\/\/clarisas.cat\/ca\/noticies\/trobada-de-joves-de-confirmacio\/","name":"Trobada de Joves de Confirmaci\u00f3 | Clarisses de Girona","isPartOf":{"@id":"https:\/\/clarisas.cat\/ca\/#website"},"primaryImageOfPage":{"@id":"https:\/\/clarisas.cat\/ca\/noticies\/trobada-de-joves-de-confirmacio\/#primaryimage"},"datePublished":"2019-10-21T21:42:15+00:00","dateModified":"2019-10-21T21:55:22+00:00","author":{"@id":"https:\/\/clarisas.cat\/ca\/#\/schema\/person\/ddc561ff15e986eeb535e2c6550f9624"},"breadcrumb":{"@id":"https:\/\/clarisas.cat\/ca\/noticies\/trobada-de-joves-de-confirmacio\/#breadcrumb"},"inLanguage":"ca","potentialAction":[{"@type":"ReadAction","target":["https:\/\/clarisas.cat\/ca\/noticies\/trobada-de-joves-de-confirmacio\/"]}]},{"@type":"BreadcrumbList","@id":"https:\/\/clarisas.cat\/ca\/noticies\/trobada-de-joves-de-confirmacio\/#breadcrumb","itemListElement":[{"@type":"ListItem","position":1,"name":"Inici","item":"https:\/\/clarisas.cat\/ca\/"},{"@type":"ListItem","position":2,"name":"Trobada de Joves de Confirmaci\u00f3"}]},{"@type":"Person","@id":"https:\/\/clarisas.cat\/ca\/#\/schema\/person\/ddc561ff15e986eeb535e2c6550f9624","name":"Clarisses","image":{"@type":"ImageObject","@id":"https:\/\/clarisas.cat\/ca\/#personlogo","inLanguage":"ca","url":"https:\/\/secure.gravatar.com\/avatar\/7b518a490e4b88c7512e7dcc36a3b30b?s=96&d=mm&r=g","contentUrl":"https:\/\/secure.gravatar.com\/avatar\/7b518a490e4b88c7512e7dcc36a3b30b?s=96&d=mm&r=g","caption":"Clarisses"},"sameAs":["https:\/\/clarisas.cat"],"url":"https:\/\/clarisas.cat\/ca\/author\/clarisses\/"}]}},"_links":{"self":[{"href":"https:\/\/clarisas.cat\/ca\/wp-json\/wp\/v2\/posts\/17385"}],"collection":[{"href":"https:\/\/clarisas.cat\/ca\/wp-json\/wp\/v2\/posts"}],"about":[{"href":"https:\/\/clarisas.cat\/ca\/wp-json\/wp\/v2\/types\/post"}],"author":[{"embeddable":true,"href":"https:\/\/clarisas.cat\/ca\/wp-json\/wp\/v2\/users\/3"}],"replies":[{"embeddable":true,"href":"https:\/\/clarisas.cat\/ca\/wp-json\/wp\/v2\/comments?post=17385"}],"version-history":[{"count":2,"href":"https:\/\/clarisas.cat\/ca\/wp-json\/wp\/v2\/posts\/17385\/revisions"}],"predecessor-version":[{"id":17395,"href":"https:\/\/clarisas.cat\/ca\/wp-json\/wp\/v2\/posts\/17385\/revisions\/17395"}],"wp:featuredmedia":[{"embeddable":true,"href":"https:\/\/clarisas.cat\/ca\/wp-json\/wp\/v2\/media\/17386"}],"wp:attachment":[{"href":"https:\/\/clarisas.cat\/ca\/wp-json\/wp\/v2\/media?parent=17385"}],"wp:term":[{"taxonomy":"category","embeddable":true,"href":"https:\/\/clarisas.cat\/ca\/wp-json\/wp\/v2\/categories?post=17385"},{"taxonomy":"post_tag","embeddable":true,"href":"https:\/\/clarisas.cat\/ca\/wp-json\/wp\/v2\/tags?post=17385"}],"curies":[{"name":"wp","href":"https:\/\/api.w.org\/{rel}","templated":true}]}}