{"id":17389,"date":"2019-10-21T23:46:12","date_gmt":"2019-10-21T21:46:12","guid":{"rendered":"https:\/\/clarisas.cat\/?p=17389"},"modified":"2019-10-21T23:56:42","modified_gmt":"2019-10-21T21:56:42","slug":"encuentro-de-jovenes-de-confirmacion","status":"publish","type":"post","link":"https:\/\/clarisas.cat\/es\/noticias\/encuentro-de-jovenes-de-confirmacion\/","title":{"rendered":"Encuentro de jov\u00e9nes de confirmaci\u00f3n"},"content":{"rendered":"<p>Un grupo de 10 chicos y chicas de la parroquia de santa Coloma de Farners, recibieron el sacramento de la Confirmaci\u00f3n el d\u00eda 19 Octubre, al atardecer.<\/p>\n<p>A primera hora de la ma\u00f1ana llegaron a casa nuestra para preparar la celebraci\u00f3n de la tarde.<\/p>\n<p>La primera parte de la ma\u00f1ana estuvo centrada en un rato de oraci\u00f3n\u00a0 en nuestra capilla, para agradecer su fe. Mediante una din\u00e1mica hablamos de la fuerza de la plegaria, de la \u201cluz\u201d que da a la vida incluso en momentos de crisis, de \u201coscuridad\u201d. Al acabar este rato de oraci\u00f3n, les entregamos una Tau como signo de comuni\u00f3n. Dedicaron el resto de la ma\u00f1ana a la preparaci\u00f3n de la liturgia de la Confirmaci\u00f3n.<\/p>\n<p>Gracias chicas y chicos por vuestro testimonio y compromiso de querer crecer en vuestra vida de cristianas y cristianos comprometi\u00e9ndoos con vuestra fe.<\/p>\n","protected":false},"excerpt":{"rendered":"<p>Gracias chicas y chicos por vuestro testimonio y compromiso<\/p>\n","protected":false},"author":3,"featured_media":17390,"comment_status":"closed","ping_status":"open","sticky":false,"template":"","format":"standard","meta":[],"categories":[145],"tags":[],"yoast_head":"<!-- This site is optimized with the Yoast SEO plugin v17.6 - https:\/\/yoast.com\/wordpress\/plugins\/seo\/ -->\n<title>Encuentro de jov\u00e9nes de confirmaci\u00f3n | Clarisas de Girona<\/title>\n<meta name=\"robots\" content=\"index, follow, max-snippet:-1, max-image-preview:large, max-video-preview:-1\" \/>\n<link rel=\"canonical\" href=\"https:\/\/clarisas.cat\/es\/noticias\/encuentro-de-jovenes-de-confirmacion\/\" \/>\n<meta property=\"og:locale\" content=\"es_ES\" \/>\n<meta property=\"og:type\" content=\"article\" \/>\n<meta property=\"og:title\" content=\"Encuentro de jov\u00e9nes de confirmaci\u00f3n | Clarisas de Girona\" \/>\n<meta property=\"og:description\" content=\"Gracias chicas y chicos por vuestro testimonio y compromiso\" \/>\n<meta property=\"og:url\" content=\"https:\/\/clarisas.cat\/es\/noticias\/encuentro-de-jovenes-de-confirmacion\/\" \/>\n<meta property=\"og:site_name\" content=\"Fraternitat de Clarisses de Vilob\u00ed d\u2019Onyar - Girona | Hostatgeria\" \/>\n<meta property=\"article:publisher\" content=\"https:\/\/www.facebook.com\/claradassis.fraternitatgirona\" \/>\n<meta property=\"article:published_time\" content=\"2019-10-21T21:46:12+00:00\" \/>\n<meta property=\"article:modified_time\" content=\"2019-10-21T21:56:42+00:00\" \/>\n<meta property=\"og:image\" content=\"https:\/\/clarisas.cat\/wp-content\/uploads\/2019\/10\/confirmaci\u00f3-2.jpg\" \/>\n\t<meta property=\"og:image:width\" content=\"1600\" \/>\n\t<meta property=\"og:image:height\" content=\"1200\" \/>\n<meta name=\"twitter:card\" content=\"summary_large_image\" \/>\n<meta name=\"twitter:creator\" content=\"@clarisasvilobi\" \/>\n<meta name=\"twitter:site\" content=\"@clarisasvilobi\" \/>\n<meta name=\"twitter:label1\" content=\"Escrito por\" \/>\n\t<meta name=\"twitter:data1\" content=\"Clarisses\" \/>\n\t<meta name=\"twitter:label2\" content=\"Tiempo de lectura\" \/>\n\t<meta name=\"twitter:data2\" content=\"1 minuto\" \/>\n<script type=\"application\/ld+json\" class=\"yoast-schema-graph\">{\"@context\":\"https:\/\/schema.org\",\"@graph\":[{\"@type\":\"WebSite\",\"@id\":\"https:\/\/clarisas.cat\/ca\/#website\",\"url\":\"https:\/\/clarisas.cat\/ca\/\",\"name\":\"Fraternitat de Clarisses de Vilob\\u00ed d\\u2019Onyar - Girona | Hostatgeria\",\"description\":\"Les Clarisses de Girona desitgem compartir la riquesa i joia de viure, des de la fraternitat i la preg\\u00e0ria. Obert a tothom que vulgui compartir la preg\\u00e0ria.\",\"potentialAction\":[{\"@type\":\"SearchAction\",\"target\":{\"@type\":\"EntryPoint\",\"urlTemplate\":\"https:\/\/clarisas.cat\/ca\/?s={search_term_string}\"},\"query-input\":\"required name=search_term_string\"}],\"inLanguage\":\"es\"},{\"@type\":\"ImageObject\",\"@id\":\"https:\/\/clarisas.cat\/es\/noticias\/encuentro-de-jovenes-de-confirmacion\/#primaryimage\",\"inLanguage\":\"es\",\"url\":\"https:\/\/clarisas.cat\/wp-content\/uploads\/2019\/10\/confirmaci\\u00f3-2.jpg\",\"contentUrl\":\"https:\/\/clarisas.cat\/wp-content\/uploads\/2019\/10\/confirmaci\\u00f3-2.jpg\",\"width\":1600,\"height\":1200,\"caption\":\"oraci\\u00f3n con j\\u00f3venes\"},{\"@type\":\"WebPage\",\"@id\":\"https:\/\/clarisas.cat\/es\/noticias\/encuentro-de-jovenes-de-confirmacion\/#webpage\",\"url\":\"https:\/\/clarisas.cat\/es\/noticias\/encuentro-de-jovenes-de-confirmacion\/\",\"name\":\"Encuentro de jov\\u00e9nes de confirmaci\\u00f3n | Clarisas de Girona\",\"isPartOf\":{\"@id\":\"https:\/\/clarisas.cat\/ca\/#website\"},\"primaryImageOfPage\":{\"@id\":\"https:\/\/clarisas.cat\/es\/noticias\/encuentro-de-jovenes-de-confirmacion\/#primaryimage\"},\"datePublished\":\"2019-10-21T21:46:12+00:00\",\"dateModified\":\"2019-10-21T21:56:42+00:00\",\"author\":{\"@id\":\"https:\/\/clarisas.cat\/ca\/#\/schema\/person\/ddc561ff15e986eeb535e2c6550f9624\"},\"breadcrumb\":{\"@id\":\"https:\/\/clarisas.cat\/es\/noticias\/encuentro-de-jovenes-de-confirmacion\/#breadcrumb\"},\"inLanguage\":\"es\",\"potentialAction\":[{\"@type\":\"ReadAction\",\"target\":[\"https:\/\/clarisas.cat\/es\/noticias\/encuentro-de-jovenes-de-confirmacion\/\"]}]},{\"@type\":\"BreadcrumbList\",\"@id\":\"https:\/\/clarisas.cat\/es\/noticias\/encuentro-de-jovenes-de-confirmacion\/#breadcrumb\",\"itemListElement\":[{\"@type\":\"ListItem\",\"position\":1,\"name\":\"Inici\",\"item\":\"https:\/\/clarisas.cat\/es\/\"},{\"@type\":\"ListItem\",\"position\":2,\"name\":\"Encuentro de jov\\u00e9nes de confirmaci\\u00f3n\"}]},{\"@type\":\"Person\",\"@id\":\"https:\/\/clarisas.cat\/ca\/#\/schema\/person\/ddc561ff15e986eeb535e2c6550f9624\",\"name\":\"Clarisses\",\"image\":{\"@type\":\"ImageObject\",\"@id\":\"https:\/\/clarisas.cat\/ca\/#personlogo\",\"inLanguage\":\"es\",\"url\":\"https:\/\/secure.gravatar.com\/avatar\/7b518a490e4b88c7512e7dcc36a3b30b?s=96&d=mm&r=g\",\"contentUrl\":\"https:\/\/secure.gravatar.com\/avatar\/7b518a490e4b88c7512e7dcc36a3b30b?s=96&d=mm&r=g\",\"caption\":\"Clarisses\"},\"sameAs\":[\"https:\/\/clarisas.cat\"],\"url\":\"https:\/\/clarisas.cat\/es\/author\/clarisses\/\"}]}<\/script>\n<!-- \/ Yoast SEO plugin. -->","yoast_head_json":{"title":"Encuentro de jov\u00e9nes de confirmaci\u00f3n | Clarisas de Girona","robots":{"index":"index","follow":"follow","max-snippet":"max-snippet:-1","max-image-preview":"max-image-preview:large","max-video-preview":"max-video-preview:-1"},"canonical":"https:\/\/clarisas.cat\/es\/noticias\/encuentro-de-jovenes-de-confirmacion\/","og_locale":"es_ES","og_type":"article","og_title":"Encuentro de jov\u00e9nes de confirmaci\u00f3n | Clarisas de Girona","og_description":"Gracias chicas y chicos por vuestro testimonio y compromiso","og_url":"https:\/\/clarisas.cat\/es\/noticias\/encuentro-de-jovenes-de-confirmacion\/","og_site_name":"Fraternitat de Clarisses de Vilob\u00ed d\u2019Onyar - Girona | Hostatgeria","article_publisher":"https:\/\/www.facebook.com\/claradassis.fraternitatgirona","article_published_time":"2019-10-21T21:46:12+00:00","article_modified_time":"2019-10-21T21:56:42+00:00","og_image":[{"width":1600,"height":1200,"url":"https:\/\/clarisas.cat\/wp-content\/uploads\/2019\/10\/confirmaci\u00f3-2.jpg","type":"image\/jpeg"}],"twitter_card":"summary_large_image","twitter_creator":"@clarisasvilobi","twitter_site":"@clarisasvilobi","twitter_misc":{"Escrito por":"Clarisses","Tiempo de lectura":"1 minuto"},"schema":{"@context":"https:\/\/schema.org","@graph":[{"@type":"WebSite","@id":"https:\/\/clarisas.cat\/ca\/#website","url":"https:\/\/clarisas.cat\/ca\/","name":"Fraternitat de Clarisses de Vilob\u00ed d\u2019Onyar - Girona | Hostatgeria","description":"Les Clarisses de Girona desitgem compartir la riquesa i joia de viure, des de la fraternitat i la preg\u00e0ria. Obert a tothom que vulgui compartir la preg\u00e0ria.","potentialAction":[{"@type":"SearchAction","target":{"@type":"EntryPoint","urlTemplate":"https:\/\/clarisas.cat\/ca\/?s={search_term_string}"},"query-input":"required name=search_term_string"}],"inLanguage":"es"},{"@type":"ImageObject","@id":"https:\/\/clarisas.cat\/es\/noticias\/encuentro-de-jovenes-de-confirmacion\/#primaryimage","inLanguage":"es","url":"https:\/\/clarisas.cat\/wp-content\/uploads\/2019\/10\/confirmaci\u00f3-2.jpg","contentUrl":"https:\/\/clarisas.cat\/wp-content\/uploads\/2019\/10\/confirmaci\u00f3-2.jpg","width":1600,"height":1200,"caption":"oraci\u00f3n con j\u00f3venes"},{"@type":"WebPage","@id":"https:\/\/clarisas.cat\/es\/noticias\/encuentro-de-jovenes-de-confirmacion\/#webpage","url":"https:\/\/clarisas.cat\/es\/noticias\/encuentro-de-jovenes-de-confirmacion\/","name":"Encuentro de jov\u00e9nes de confirmaci\u00f3n | Clarisas de Girona","isPartOf":{"@id":"https:\/\/clarisas.cat\/ca\/#website"},"primaryImageOfPage":{"@id":"https:\/\/clarisas.cat\/es\/noticias\/encuentro-de-jovenes-de-confirmacion\/#primaryimage"},"datePublished":"2019-10-21T21:46:12+00:00","dateModified":"2019-10-21T21:56:42+00:00","author":{"@id":"https:\/\/clarisas.cat\/ca\/#\/schema\/person\/ddc561ff15e986eeb535e2c6550f9624"},"breadcrumb":{"@id":"https:\/\/clarisas.cat\/es\/noticias\/encuentro-de-jovenes-de-confirmacion\/#breadcrumb"},"inLanguage":"es","potentialAction":[{"@type":"ReadAction","target":["https:\/\/clarisas.cat\/es\/noticias\/encuentro-de-jovenes-de-confirmacion\/"]}]},{"@type":"BreadcrumbList","@id":"https:\/\/clarisas.cat\/es\/noticias\/encuentro-de-jovenes-de-confirmacion\/#breadcrumb","itemListElement":[{"@type":"ListItem","position":1,"name":"Inici","item":"https:\/\/clarisas.cat\/es\/"},{"@type":"ListItem","position":2,"name":"Encuentro de jov\u00e9nes de confirmaci\u00f3n"}]},{"@type":"Person","@id":"https:\/\/clarisas.cat\/ca\/#\/schema\/person\/ddc561ff15e986eeb535e2c6550f9624","name":"Clarisses","image":{"@type":"ImageObject","@id":"https:\/\/clarisas.cat\/ca\/#personlogo","inLanguage":"es","url":"https:\/\/secure.gravatar.com\/avatar\/7b518a490e4b88c7512e7dcc36a3b30b?s=96&d=mm&r=g","contentUrl":"https:\/\/secure.gravatar.com\/avatar\/7b518a490e4b88c7512e7dcc36a3b30b?s=96&d=mm&r=g","caption":"Clarisses"},"sameAs":["https:\/\/clarisas.cat"],"url":"https:\/\/clarisas.cat\/es\/author\/clarisses\/"}]}},"_links":{"self":[{"href":"https:\/\/clarisas.cat\/es\/wp-json\/wp\/v2\/posts\/17389"}],"collection":[{"href":"https:\/\/clarisas.cat\/es\/wp-json\/wp\/v2\/posts"}],"about":[{"href":"https:\/\/clarisas.cat\/es\/wp-json\/wp\/v2\/types\/post"}],"author":[{"embeddable":true,"href":"https:\/\/clarisas.cat\/es\/wp-json\/wp\/v2\/users\/3"}],"replies":[{"embeddable":true,"href":"https:\/\/clarisas.cat\/es\/wp-json\/wp\/v2\/comments?post=17389"}],"version-history":[{"count":4,"href":"https:\/\/clarisas.cat\/es\/wp-json\/wp\/v2\/posts\/17389\/revisions"}],"predecessor-version":[{"id":17396,"href":"https:\/\/clarisas.cat\/es\/wp-json\/wp\/v2\/posts\/17389\/revisions\/17396"}],"wp:featuredmedia":[{"embeddable":true,"href":"https:\/\/clarisas.cat\/es\/wp-json\/wp\/v2\/media\/17390"}],"wp:attachment":[{"href":"https:\/\/clarisas.cat\/es\/wp-json\/wp\/v2\/media?parent=17389"}],"wp:term":[{"taxonomy":"category","embeddable":true,"href":"https:\/\/clarisas.cat\/es\/wp-json\/wp\/v2\/categories?post=17389"},{"taxonomy":"post_tag","embeddable":true,"href":"https:\/\/clarisas.cat\/es\/wp-json\/wp\/v2\/tags?post=17389"}],"curies":[{"name":"wp","href":"https:\/\/api.w.org\/{rel}","templated":true}]}}