{"id":18016,"date":"2026-04-29T22:43:55","date_gmt":"2026-04-29T20:43:55","guid":{"rendered":"https:\/\/clarisas.cat\/?p=18016"},"modified":"2026-04-29T22:45:29","modified_gmt":"2026-04-29T20:45:29","slug":"ilumina-las-tinieblas-de-mi-corazon","status":"publish","type":"post","link":"https:\/\/clarisas.cat\/es\/blog-vida-religiosa-clariana\/ilumina-las-tinieblas-de-mi-corazon\/","title":{"rendered":"ILUMINA LAS TINIEBLAS DE MI CORAZ\u00d3N"},"content":{"rendered":"<p><strong><img class=\"wp-image-17867 alignleft\" src=\"https:\/\/clarisas.cat\/wp-content\/uploads\/2025\/04\/OFICI-DE-LA-PASION-298x300.jpg\" alt=\"ORACION DE SAN FRANCISCO DE AS\u00cdS\" width=\"251\" height=\"253\" srcset=\"https:\/\/clarisas.cat\/wp-content\/uploads\/2025\/04\/OFICI-DE-LA-PASION-298x300.jpg 298w, https:\/\/clarisas.cat\/wp-content\/uploads\/2025\/04\/OFICI-DE-LA-PASION-150x150.jpg 150w, https:\/\/clarisas.cat\/wp-content\/uploads\/2025\/04\/OFICI-DE-LA-PASION.jpg 526w\" sizes=\"(max-width: 251px) 100vw, 251px\" \/><\/strong><\/p>\n<p>Nos encontramos ante una de las primeras oraciones de san Francisco, pronunciada en un momento de b\u00fasqueda e incertidumbre. Ha dejado atr\u00e1s su vida anterior, pero a\u00fan no sabe con claridad hacia d\u00f3nde lo conduce D<\/p>\n<p>ios. Solo sabe que necesita la iluminaci\u00f3n del Esp\u00edritu del Se\u00f1or y ora a Dios que \u00e9ste ilumine su coraz\u00f3n y su mente.<\/p>\n<p>Tambi\u00e9n nosotros, en distintos momentos de la vida, experimentamos tinieblas en el coraz\u00f3n:<\/p>\n<p>. No siempre sabemos qui\u00e9nes somos realmente.<\/p>\n<p>. Descubrimos en nosotros l\u00edmites y fragilidades.<\/p>\n<p>. Dudamos ante las decisiones y el camino a seguir<\/p>\n<p>San Francisco no se deja condicionar por la oscuridad. \u00a0Es consciente de su presencia y ora a Dios que: \u201cIlumina las tinieblas de mi coraz\u00f3n.\u201d La luz que pide no es solo claridad intelectual, sino una luz que transforma, que acompa\u00f1a, que abre caminos nuevos.<\/p>\n<p>Para que la luz de Dios disipe las tinieblas del coraz\u00f3n San Francisco, en su oraci\u00f3n ante el Cristo de san Dami\u00e1n, pide cinco dones esenciales para el camino espiritual:<\/p>\n<ul>\n<li>Fe recta: para ver la realidad con los ojos de Dios.<\/li>\n<li>Esperanza cierta: para confiar en que sus promesas no fallan.<\/li>\n<li>Caridad perfecta: para amar como \u00c9l ama.<\/li>\n<li>Sentido: p<\/li>\n<li>ara experimentar interiormente su presencia.<\/li>\n<li>Conocimiento: para comprender y discernir su voluntad.<\/li>\n<\/ul>\n<p>Y todo esto para qu\u00e9? Sencillo para cumplir el santo y veraz mandamiento del Se\u00f1or. Esta oraci\u00f3n nos invita a detenernos, a buscar un espacio y un lugar para el silencio para orar y pedir al Se\u00f1or:<\/p>\n<p><strong>\u00a0 \u00a0 \u00a0 \u00a0 \u00a0 \u00a0 \u00a0 \u00a0 \u00a0 \u00a0 \u00a0 \u00a0 \u00a0\u201cIlumina las tinieblas de mi coraz\u00f3n\u2026\u201d<\/strong><\/p>\n<p>y preg\u00fantate:<\/p>\n<ul>\n<li>\u00bfCu\u00e1les son hoy mis tinieblas?<\/li>\n<li>\u00bfQu\u00e9 necesito que Dios ilumine en m\u00ed?<\/li>\n<li>\u00bfDesde d\u00f3nde estoy viviendo: desde el miedo o desde la confianza?<\/li>\n<li>\u00bfMi fe, mi esperanza y mi amor est\u00e1n creciendo?<\/li>\n<\/ul>\n<p>San Francisco nos ense\u00f1a que el camino de conversi\u00f3n \u2013 volver a Dios- comienza reconociendo nuestra necesidad de luz, de felicidad, de coherencia.<\/p>\n<p><strong>Deja que esa oraci\u00f3n de Francisco se vuelva tu oraci\u00f3n.<\/strong><\/p>\n","protected":false},"excerpt":{"rendered":"<p>Nos encontramos ante una de las primeras oraciones de san Francisco, pronunciada en un momento de b\u00fasqueda e incertidumbre. Ha dejado atr\u00e1s su vida anterior, pero a\u00fan no sabe con claridad hacia d\u00f3nde lo conduce D ios. Solo sabe que necesita la iluminaci\u00f3n del Esp\u00edritu&#8230;<\/p>\n","protected":false},"author":3,"featured_media":17867,"comment_status":"closed","ping_status":"open","sticky":false,"template":"","format":"standard","meta":[],"categories":[141],"tags":[],"yoast_head":"<!-- This site is optimized with the Yoast SEO plugin v17.6 - https:\/\/yoast.com\/wordpress\/plugins\/seo\/ -->\n<title>ILUMINA LAS TINIEBLAS DE MI CORAZ\u00d3N | Clarisas de Girona<\/title>\n<meta name=\"robots\" content=\"index, follow, max-snippet:-1, max-image-preview:large, max-video-preview:-1\" \/>\n<link rel=\"canonical\" href=\"https:\/\/clarisas.cat\/es\/blog-vida-religiosa-clariana\/ilumina-las-tinieblas-de-mi-corazon\/\" \/>\n<meta property=\"og:locale\" content=\"es_ES\" \/>\n<meta property=\"og:type\" content=\"article\" \/>\n<meta property=\"og:title\" content=\"ILUMINA LAS TINIEBLAS DE MI CORAZ\u00d3N | Clarisas de Girona\" \/>\n<meta property=\"og:description\" content=\"Nos encontramos ante una de las primeras oraciones de san Francisco, pronunciada en un momento de b\u00fasqueda e incertidumbre. Ha dejado atr\u00e1s su vida anterior, pero a\u00fan no sabe con claridad hacia d\u00f3nde lo conduce D ios. Solo sabe que necesita la iluminaci\u00f3n del Esp\u00edritu...\" \/>\n<meta property=\"og:url\" content=\"https:\/\/clarisas.cat\/es\/blog-vida-religiosa-clariana\/ilumina-las-tinieblas-de-mi-corazon\/\" \/>\n<meta property=\"og:site_name\" content=\"Fraternitat de Clarisses de Vilob\u00ed d\u2019Onyar - Girona | Hostatgeria\" \/>\n<meta property=\"article:publisher\" content=\"https:\/\/www.facebook.com\/claradassis.fraternitatgirona\" \/>\n<meta property=\"article:published_time\" content=\"2026-04-29T20:43:55+00:00\" \/>\n<meta property=\"article:modified_time\" content=\"2026-04-29T20:45:29+00:00\" \/>\n<meta property=\"og:image\" content=\"https:\/\/clarisas.cat\/wp-content\/uploads\/2025\/04\/OFICI-DE-LA-PASION.jpg\" \/>\n\t<meta property=\"og:image:width\" content=\"526\" \/>\n\t<meta property=\"og:image:height\" content=\"530\" \/>\n<meta name=\"twitter:card\" content=\"summary_large_image\" \/>\n<meta name=\"twitter:creator\" content=\"@clarisasvilobi\" \/>\n<meta name=\"twitter:site\" content=\"@clarisasvilobi\" \/>\n<meta name=\"twitter:label1\" content=\"Escrito por\" \/>\n\t<meta name=\"twitter:data1\" content=\"Clarisses\" \/>\n\t<meta name=\"twitter:label2\" content=\"Tiempo de lectura\" \/>\n\t<meta name=\"twitter:data2\" content=\"2 minutos\" \/>\n<script type=\"application\/ld+json\" class=\"yoast-schema-graph\">{\"@context\":\"https:\/\/schema.org\",\"@graph\":[{\"@type\":\"WebSite\",\"@id\":\"https:\/\/clarisas.cat\/ca\/#website\",\"url\":\"https:\/\/clarisas.cat\/ca\/\",\"name\":\"Fraternitat de Clarisses de Vilob\\u00ed d\\u2019Onyar - Girona | Hostatgeria\",\"description\":\"Les Clarisses de Girona desitgem compartir la riquesa i joia de viure, des de la fraternitat i la preg\\u00e0ria. Obert a tothom que vulgui compartir la preg\\u00e0ria.\",\"potentialAction\":[{\"@type\":\"SearchAction\",\"target\":{\"@type\":\"EntryPoint\",\"urlTemplate\":\"https:\/\/clarisas.cat\/ca\/?s={search_term_string}\"},\"query-input\":\"required name=search_term_string\"}],\"inLanguage\":\"es\"},{\"@type\":\"ImageObject\",\"@id\":\"https:\/\/clarisas.cat\/es\/blog-vida-religiosa-clariana\/ilumina-las-tinieblas-de-mi-corazon\/#primaryimage\",\"inLanguage\":\"es\",\"url\":\"https:\/\/clarisas.cat\/wp-content\/uploads\/2025\/04\/OFICI-DE-LA-PASION.jpg\",\"contentUrl\":\"https:\/\/clarisas.cat\/wp-content\/uploads\/2025\/04\/OFICI-DE-LA-PASION.jpg\",\"width\":526,\"height\":530},{\"@type\":\"WebPage\",\"@id\":\"https:\/\/clarisas.cat\/es\/blog-vida-religiosa-clariana\/ilumina-las-tinieblas-de-mi-corazon\/#webpage\",\"url\":\"https:\/\/clarisas.cat\/es\/blog-vida-religiosa-clariana\/ilumina-las-tinieblas-de-mi-corazon\/\",\"name\":\"ILUMINA LAS TINIEBLAS DE MI CORAZ\\u00d3N | Clarisas de Girona\",\"isPartOf\":{\"@id\":\"https:\/\/clarisas.cat\/ca\/#website\"},\"primaryImageOfPage\":{\"@id\":\"https:\/\/clarisas.cat\/es\/blog-vida-religiosa-clariana\/ilumina-las-tinieblas-de-mi-corazon\/#primaryimage\"},\"datePublished\":\"2026-04-29T20:43:55+00:00\",\"dateModified\":\"2026-04-29T20:45:29+00:00\",\"author\":{\"@id\":\"https:\/\/clarisas.cat\/ca\/#\/schema\/person\/ddc561ff15e986eeb535e2c6550f9624\"},\"breadcrumb\":{\"@id\":\"https:\/\/clarisas.cat\/es\/blog-vida-religiosa-clariana\/ilumina-las-tinieblas-de-mi-corazon\/#breadcrumb\"},\"inLanguage\":\"es\",\"potentialAction\":[{\"@type\":\"ReadAction\",\"target\":[\"https:\/\/clarisas.cat\/es\/blog-vida-religiosa-clariana\/ilumina-las-tinieblas-de-mi-corazon\/\"]}]},{\"@type\":\"BreadcrumbList\",\"@id\":\"https:\/\/clarisas.cat\/es\/blog-vida-religiosa-clariana\/ilumina-las-tinieblas-de-mi-corazon\/#breadcrumb\",\"itemListElement\":[{\"@type\":\"ListItem\",\"position\":1,\"name\":\"Inici\",\"item\":\"https:\/\/clarisas.cat\/es\/\"},{\"@type\":\"ListItem\",\"position\":2,\"name\":\"ILUMINA LAS TINIEBLAS DE MI CORAZ\\u00d3N\"}]},{\"@type\":\"Person\",\"@id\":\"https:\/\/clarisas.cat\/ca\/#\/schema\/person\/ddc561ff15e986eeb535e2c6550f9624\",\"name\":\"Clarisses\",\"image\":{\"@type\":\"ImageObject\",\"@id\":\"https:\/\/clarisas.cat\/ca\/#personlogo\",\"inLanguage\":\"es\",\"url\":\"https:\/\/secure.gravatar.com\/avatar\/7b518a490e4b88c7512e7dcc36a3b30b?s=96&d=mm&r=g\",\"contentUrl\":\"https:\/\/secure.gravatar.com\/avatar\/7b518a490e4b88c7512e7dcc36a3b30b?s=96&d=mm&r=g\",\"caption\":\"Clarisses\"},\"sameAs\":[\"https:\/\/clarisas.cat\"],\"url\":\"https:\/\/clarisas.cat\/es\/author\/clarisses\/\"}]}<\/script>\n<!-- \/ Yoast SEO plugin. -->","yoast_head_json":{"title":"ILUMINA LAS TINIEBLAS DE MI CORAZ\u00d3N | Clarisas de Girona","robots":{"index":"index","follow":"follow","max-snippet":"max-snippet:-1","max-image-preview":"max-image-preview:large","max-video-preview":"max-video-preview:-1"},"canonical":"https:\/\/clarisas.cat\/es\/blog-vida-religiosa-clariana\/ilumina-las-tinieblas-de-mi-corazon\/","og_locale":"es_ES","og_type":"article","og_title":"ILUMINA LAS TINIEBLAS DE MI CORAZ\u00d3N | Clarisas de Girona","og_description":"Nos encontramos ante una de las primeras oraciones de san Francisco, pronunciada en un momento de b\u00fasqueda e incertidumbre. Ha dejado atr\u00e1s su vida anterior, pero a\u00fan no sabe con claridad hacia d\u00f3nde lo conduce D ios. Solo sabe que necesita la iluminaci\u00f3n del Esp\u00edritu...","og_url":"https:\/\/clarisas.cat\/es\/blog-vida-religiosa-clariana\/ilumina-las-tinieblas-de-mi-corazon\/","og_site_name":"Fraternitat de Clarisses de Vilob\u00ed d\u2019Onyar - Girona | Hostatgeria","article_publisher":"https:\/\/www.facebook.com\/claradassis.fraternitatgirona","article_published_time":"2026-04-29T20:43:55+00:00","article_modified_time":"2026-04-29T20:45:29+00:00","og_image":[{"width":526,"height":530,"url":"https:\/\/clarisas.cat\/wp-content\/uploads\/2025\/04\/OFICI-DE-LA-PASION.jpg","type":"image\/jpeg"}],"twitter_card":"summary_large_image","twitter_creator":"@clarisasvilobi","twitter_site":"@clarisasvilobi","twitter_misc":{"Escrito por":"Clarisses","Tiempo de lectura":"2 minutos"},"schema":{"@context":"https:\/\/schema.org","@graph":[{"@type":"WebSite","@id":"https:\/\/clarisas.cat\/ca\/#website","url":"https:\/\/clarisas.cat\/ca\/","name":"Fraternitat de Clarisses de Vilob\u00ed d\u2019Onyar - Girona | Hostatgeria","description":"Les Clarisses de Girona desitgem compartir la riquesa i joia de viure, des de la fraternitat i la preg\u00e0ria. Obert a tothom que vulgui compartir la preg\u00e0ria.","potentialAction":[{"@type":"SearchAction","target":{"@type":"EntryPoint","urlTemplate":"https:\/\/clarisas.cat\/ca\/?s={search_term_string}"},"query-input":"required name=search_term_string"}],"inLanguage":"es"},{"@type":"ImageObject","@id":"https:\/\/clarisas.cat\/es\/blog-vida-religiosa-clariana\/ilumina-las-tinieblas-de-mi-corazon\/#primaryimage","inLanguage":"es","url":"https:\/\/clarisas.cat\/wp-content\/uploads\/2025\/04\/OFICI-DE-LA-PASION.jpg","contentUrl":"https:\/\/clarisas.cat\/wp-content\/uploads\/2025\/04\/OFICI-DE-LA-PASION.jpg","width":526,"height":530},{"@type":"WebPage","@id":"https:\/\/clarisas.cat\/es\/blog-vida-religiosa-clariana\/ilumina-las-tinieblas-de-mi-corazon\/#webpage","url":"https:\/\/clarisas.cat\/es\/blog-vida-religiosa-clariana\/ilumina-las-tinieblas-de-mi-corazon\/","name":"ILUMINA LAS TINIEBLAS DE MI CORAZ\u00d3N | Clarisas de Girona","isPartOf":{"@id":"https:\/\/clarisas.cat\/ca\/#website"},"primaryImageOfPage":{"@id":"https:\/\/clarisas.cat\/es\/blog-vida-religiosa-clariana\/ilumina-las-tinieblas-de-mi-corazon\/#primaryimage"},"datePublished":"2026-04-29T20:43:55+00:00","dateModified":"2026-04-29T20:45:29+00:00","author":{"@id":"https:\/\/clarisas.cat\/ca\/#\/schema\/person\/ddc561ff15e986eeb535e2c6550f9624"},"breadcrumb":{"@id":"https:\/\/clarisas.cat\/es\/blog-vida-religiosa-clariana\/ilumina-las-tinieblas-de-mi-corazon\/#breadcrumb"},"inLanguage":"es","potentialAction":[{"@type":"ReadAction","target":["https:\/\/clarisas.cat\/es\/blog-vida-religiosa-clariana\/ilumina-las-tinieblas-de-mi-corazon\/"]}]},{"@type":"BreadcrumbList","@id":"https:\/\/clarisas.cat\/es\/blog-vida-religiosa-clariana\/ilumina-las-tinieblas-de-mi-corazon\/#breadcrumb","itemListElement":[{"@type":"ListItem","position":1,"name":"Inici","item":"https:\/\/clarisas.cat\/es\/"},{"@type":"ListItem","position":2,"name":"ILUMINA LAS TINIEBLAS DE MI CORAZ\u00d3N"}]},{"@type":"Person","@id":"https:\/\/clarisas.cat\/ca\/#\/schema\/person\/ddc561ff15e986eeb535e2c6550f9624","name":"Clarisses","image":{"@type":"ImageObject","@id":"https:\/\/clarisas.cat\/ca\/#personlogo","inLanguage":"es","url":"https:\/\/secure.gravatar.com\/avatar\/7b518a490e4b88c7512e7dcc36a3b30b?s=96&d=mm&r=g","contentUrl":"https:\/\/secure.gravatar.com\/avatar\/7b518a490e4b88c7512e7dcc36a3b30b?s=96&d=mm&r=g","caption":"Clarisses"},"sameAs":["https:\/\/clarisas.cat"],"url":"https:\/\/clarisas.cat\/es\/author\/clarisses\/"}]}},"_links":{"self":[{"href":"https:\/\/clarisas.cat\/es\/wp-json\/wp\/v2\/posts\/18016"}],"collection":[{"href":"https:\/\/clarisas.cat\/es\/wp-json\/wp\/v2\/posts"}],"about":[{"href":"https:\/\/clarisas.cat\/es\/wp-json\/wp\/v2\/types\/post"}],"author":[{"embeddable":true,"href":"https:\/\/clarisas.cat\/es\/wp-json\/wp\/v2\/users\/3"}],"replies":[{"embeddable":true,"href":"https:\/\/clarisas.cat\/es\/wp-json\/wp\/v2\/comments?post=18016"}],"version-history":[{"count":1,"href":"https:\/\/clarisas.cat\/es\/wp-json\/wp\/v2\/posts\/18016\/revisions"}],"predecessor-version":[{"id":18017,"href":"https:\/\/clarisas.cat\/es\/wp-json\/wp\/v2\/posts\/18016\/revisions\/18017"}],"wp:featuredmedia":[{"embeddable":true,"href":"https:\/\/clarisas.cat\/es\/wp-json\/wp\/v2\/media\/17867"}],"wp:attachment":[{"href":"https:\/\/clarisas.cat\/es\/wp-json\/wp\/v2\/media?parent=18016"}],"wp:term":[{"taxonomy":"category","embeddable":true,"href":"https:\/\/clarisas.cat\/es\/wp-json\/wp\/v2\/categories?post=18016"},{"taxonomy":"post_tag","embeddable":true,"href":"https:\/\/clarisas.cat\/es\/wp-json\/wp\/v2\/tags?post=18016"}],"curies":[{"name":"wp","href":"https:\/\/api.w.org\/{rel}","templated":true}]}}